{"id":9593,"date":"2016-09-26T19:15:45","date_gmt":"2016-09-26T17:15:45","guid":{"rendered":"https:\/\/ccediaf.org\/?p=9593"},"modified":"2023-08-14T11:43:43","modified_gmt":"2023-08-14T09:43:43","slug":"diaspora-ivoirienne-un-livre-blanc-pour-ouattara-remis-a-dosso-moussa","status":"publish","type":"post","link":"https:\/\/ccediaf.org\/?p=9593","title":{"rendered":"Diaspora ivoirienne : un livre blanc pour Ouattara remis \u00e0 Dosso Moussa"},"content":{"rendered":"<p><span style=\"color: #000000;\">\u00c0 l\u2019initiative de la f\u00e9d\u00e9ration des associations de la diaspora ivoirienne (FADIV) et du club des chefs d\u2019entreprises de la diaspora ivoirienne (CCEDI), le ministre ivoirien en charge de l\u2019emploi et de la protection sociale \u00e9tait invit\u00e9 \u00e0 \u00e9changer avec ses compatriotes vivant en France sur les voies et moyens aux fins de r\u00e9sorber la question du ch\u00f4mage des jeunes en C\u00f4te d\u2019Ivoire , le samedi 24 septembre 2016 au palais des congr\u00e8s de Montreuil (banlieue proche de Paris).<\/span><\/p>\n<p><span style=\"color: #000000;\">Des leaders associatifs ivoiriens de France , et des chefs d\u2019entreprise issus de la diaspora ivoirienne en Hexagone ont fait le d\u00e9placement. Le th\u00e8me de la rencontre \u00e9tait : \u2018\u2019la contribution de la diaspora pour lutter contre le ch\u00f4mage des jeunes et faciliter leur insertion sociale\u2019\u2019.<\/span><\/p>\n<p><span style=\"color: #000000;\">Guy-Francis Kor\u00e9, le pr\u00e9sident de la FADIV a indiqu\u00e9 que ce premier symposium de la diaspora ivoirienne de France est un lieu d\u2019\u00e9changes et d\u00e9bats contradictoires pouvant aider \u00e0 la politique de l\u2019emploi en C\u00f4te d\u2019Ivoire.<\/span><\/p>\n<p><span style=\"color: #000000;\">C\u00e9sar Nahounou, pr\u00e9sident du CCEDI a demand\u00e9 aux autorit\u00e9s ivoiriennes certaines mesures r. Faveur aux op\u00e9rateurs \u00e9conomiques issus de la diaspora , dans le processus de cr\u00e9ation d\u2019entreprise en C\u00f4te d\u2019Ivoire. \u00ab Ce sont les petites et moyennes entreprises qui sont les principaux cr\u00e9ateursd\u2019emplois et de richesses dans notre pays. Il serait donc bon de mettre un certain nombre de dispositifs financiers et fiscaux sp\u00e9cifiques pour des investisseurs issus de la diaspora ivoirienne \u00bb a-t-il sugg\u00e9r\u00e9.<\/span><\/p>\n<p><span style=\"color: #000000;\">Moussa Dosso, ministre de l\u2019emploi et de la protection sociale, a expliqu\u00e9 l\u2019action du gouvernement pour l\u2019emploi des jeunes et la protection sociale. Il a indiqu\u00e9 que le programme national de d\u00e9veloppement (PND) 2016-2020 accordait une large place \u00e0 la cr\u00e9ation d\u2019emploi pour les jeunes.<\/span><br \/>\n<span style=\"color: #000000;\">Il a \u00e9galement annonc\u00e9 le lancement pratique de la Couverture maladie universelle.<\/span><br \/>\n<span style=\"color: #000000;\">\u00ab Aujourd\u2019hui , la C\u00f4te d\u2019Ivoire est dans une \u00e8re de prosp\u00e9rit\u00e9 , c\u2019est donc naturellement que les emplois seront cr\u00e9\u00e9s \u00bb a rassur\u00e9 le ministre.<\/span><\/p>\n<p><span style=\"color: #000000;\">Moussa Dosso a poursuivi en invitant aux investisseurs ivoiriens issus de la diaspora \u00e0 s\u2019adresser au CEPICI (Centre d\u2019\u00e9tude et de promotion des investissements en C\u00f4te d\u2019Ivoire) : \u00ab Il y\u2019a un guichet unique au CEPICI pour tous ceux qui sont d\u00e9sireux de cr\u00e9er une entreprise en C\u00f4te d\u2019Ivoire. Et en fonction des besoins de notre pays, vous serez orient\u00e9s vers les secteurs et les zones b\u00e9n\u00e9ficiant d\u2019all\u00e8gement ou d\u2019exon\u00e9ration d\u2019imp\u00f4ts \u00bb.<\/span><\/p>\n<p><span style=\"color: #000000;\">\u00c0 la fin de la c\u00e9r\u00e9monie, le comit\u00e9 d\u2019organisation du premier symposium de la diaspora a remis un livre blanc au ministre Moussa Dosso , destin\u00e9 au pr\u00e9sident Alassane Ouattara.<\/span><\/p>\n<p><span style=\"color: #000000;\">Jean-Paul Oro \u00e0 Paris<\/span><\/p>\n","protected":false},"excerpt":{"rendered":"<p>\u00c0 l\u2019initiative de la f\u00e9d\u00e9ration des associations de la diaspora ivoirienne (FADIV) et du club des chefs d\u2019entreprises de la diaspora ivoirienne (CCEDI), le ministre ivoirien en charge de l\u2019emploi et de la protection sociale \u00e9tait invit\u00e9 \u00e0 \u00e9changer avec ses compatriotes vivant en France sur les voies et moyens aux fins de r\u00e9sorber la &hellip; <a href=\"https:\/\/ccediaf.org\/?p=9593\" class=\"more-link\">Continue reading <span class=\"screen-reader-text\">Diaspora ivoirienne : un livre blanc pour Ouattara remis \u00e0 Dosso Moussa<\/span><\/a><\/p>\n","protected":false},"author":89,"featured_media":9290,"comment_status":"closed","ping_status":"open","sticky":false,"template":"","format":"standard","meta":{"_monsterinsights_skip_tracking":false,"_monsterinsights_sitenote_active":false,"_monsterinsights_sitenote_note":"","_monsterinsights_sitenote_category":0,"_view_id":"","footnotes":""},"categories":[5],"tags":[],"class_list":["post-9593","post","type-post","status-publish","format-standard","has-post-thumbnail","hentry","category-sem"],"jetpack_featured_media_url":"https:\/\/ccediaf.org\/wp-content\/uploads\/2023\/02\/14211983_1237938539559974_6576788232185508871_n.png","_links":{"self":[{"href":"https:\/\/ccediaf.org\/index.php?rest_route=\/wp\/v2\/posts\/9593","targetHints":{"allow":["GET"]}}],"collection":[{"href":"https:\/\/ccediaf.org\/index.php?rest_route=\/wp\/v2\/posts"}],"about":[{"href":"https:\/\/ccediaf.org\/index.php?rest_route=\/wp\/v2\/types\/post"}],"author":[{"embeddable":true,"href":"https:\/\/ccediaf.org\/index.php?rest_route=\/wp\/v2\/users\/89"}],"replies":[{"embeddable":true,"href":"https:\/\/ccediaf.org\/index.php?rest_route=%2Fwp%2Fv2%2Fcomments&post=9593"}],"version-history":[{"count":3,"href":"https:\/\/ccediaf.org\/index.php?rest_route=\/wp\/v2\/posts\/9593\/revisions"}],"predecessor-version":[{"id":9596,"href":"https:\/\/ccediaf.org\/index.php?rest_route=\/wp\/v2\/posts\/9593\/revisions\/9596"}],"wp:featuredmedia":[{"embeddable":true,"href":"https:\/\/ccediaf.org\/index.php?rest_route=\/wp\/v2\/media\/9290"}],"wp:attachment":[{"href":"https:\/\/ccediaf.org\/index.php?rest_route=%2Fwp%2Fv2%2Fmedia&parent=9593"}],"wp:term":[{"taxonomy":"category","embeddable":true,"href":"https:\/\/ccediaf.org\/index.php?rest_route=%2Fwp%2Fv2%2Fcategories&post=9593"},{"taxonomy":"post_tag","embeddable":true,"href":"https:\/\/ccediaf.org\/index.php?rest_route=%2Fwp%2Fv2%2Ftags&post=9593"}],"curies":[{"name":"wp","href":"https:\/\/api.w.org\/{rel}","templated":true}]}}