{"id":9371,"date":"2019-03-30T19:00:03","date_gmt":"2019-03-30T18:00:03","guid":{"rendered":"https:\/\/ccediaf.org\/?p=9371"},"modified":"2023-08-14T11:43:40","modified_gmt":"2023-08-14T09:43:40","slug":"1ere-reunion-voyage-daffaires-en-republique-de-cote-divoire-du-12-au-14-juin-2019","status":"publish","type":"post","link":"https:\/\/ccediaf.org\/?p=9371","title":{"rendered":"1ere R\u00e9union Voyage d\u2019affaires en R\u00e9publique de C\u00f4te d\u2019Ivoire du 12 au 14 juin 2019"},"content":{"rendered":"<p><img fetchpriority=\"high\" decoding=\"async\" class=\"alignnone size-medium wp-image-9372\" src=\"https:\/\/ccediaf.org\/wp-content\/uploads\/2023\/02\/0-3-768x576-1-300x225.png\" alt=\"\" width=\"300\" height=\"225\" srcset=\"https:\/\/ccediaf.org\/wp-content\/uploads\/2023\/02\/0-3-768x576-1-300x225.png 300w, https:\/\/ccediaf.org\/wp-content\/uploads\/2023\/02\/0-3-768x576-1-654x490.png 654w, https:\/\/ccediaf.org\/wp-content\/uploads\/2023\/02\/0-3-768x576-1.png 768w\" sizes=\"(max-width: 300px) 100vw, 300px\" \/><\/p>\n<p>CCEDI a organis\u00e9 une r\u00e9union pour pr\u00e9parer le voyage d\u2019Affaires \u00e0 Abidjan.<\/p>\n<p><img decoding=\"async\" class=\"alignnone size-medium wp-image-9377\" src=\"https:\/\/ccediaf.org\/wp-content\/uploads\/2023\/02\/0-1024x768-1-300x225.png\" alt=\"\" width=\"300\" height=\"225\" srcset=\"https:\/\/ccediaf.org\/wp-content\/uploads\/2023\/02\/0-1024x768-1-300x225.png 300w, https:\/\/ccediaf.org\/wp-content\/uploads\/2023\/02\/0-1024x768-1-768x576.png 768w, https:\/\/ccediaf.org\/wp-content\/uploads\/2023\/02\/0-1024x768-1-654x490.png 654w, https:\/\/ccediaf.org\/wp-content\/uploads\/2023\/02\/0-1024x768-1.png 1024w\" sizes=\"(max-width: 300px) 100vw, 300px\" \/> <img decoding=\"async\" class=\"alignnone size-medium wp-image-9378\" src=\"https:\/\/ccediaf.org\/wp-content\/uploads\/2023\/02\/0-1-1024x768-1-300x225.png\" alt=\"\" width=\"300\" height=\"225\" srcset=\"https:\/\/ccediaf.org\/wp-content\/uploads\/2023\/02\/0-1-1024x768-1-300x225.png 300w, https:\/\/ccediaf.org\/wp-content\/uploads\/2023\/02\/0-1-1024x768-1-768x576.png 768w, https:\/\/ccediaf.org\/wp-content\/uploads\/2023\/02\/0-1-1024x768-1-654x490.png 654w, https:\/\/ccediaf.org\/wp-content\/uploads\/2023\/02\/0-1-1024x768-1.png 1024w\" sizes=\"(max-width: 300px) 100vw, 300px\" \/><\/p>\n<p><img loading=\"lazy\" decoding=\"async\" class=\"alignnone size-medium wp-image-9380\" src=\"https:\/\/ccediaf.org\/wp-content\/uploads\/2023\/02\/0-2-1024x768-1-300x225.png\" alt=\"\" width=\"300\" height=\"225\" srcset=\"https:\/\/ccediaf.org\/wp-content\/uploads\/2023\/02\/0-2-1024x768-1-300x225.png 300w, https:\/\/ccediaf.org\/wp-content\/uploads\/2023\/02\/0-2-1024x768-1-768x576.png 768w, https:\/\/ccediaf.org\/wp-content\/uploads\/2023\/02\/0-2-1024x768-1-654x490.png 654w, https:\/\/ccediaf.org\/wp-content\/uploads\/2023\/02\/0-2-1024x768-1.png 1024w\" sizes=\"(max-width: 300px) 100vw, 300px\" \/> <img fetchpriority=\"high\" decoding=\"async\" class=\"alignnone size-medium wp-image-9372\" src=\"https:\/\/ccediaf.org\/wp-content\/uploads\/2023\/02\/0-3-768x576-1-300x225.png\" alt=\"\" width=\"300\" height=\"225\" srcset=\"https:\/\/ccediaf.org\/wp-content\/uploads\/2023\/02\/0-3-768x576-1-300x225.png 300w, https:\/\/ccediaf.org\/wp-content\/uploads\/2023\/02\/0-3-768x576-1-654x490.png 654w, https:\/\/ccediaf.org\/wp-content\/uploads\/2023\/02\/0-3-768x576-1.png 768w\" sizes=\"(max-width: 300px) 100vw, 300px\" \/><\/p>\n<p><iframe title=\"France : Lancement 6e forum Africallia\" width=\"847\" height=\"476\" src=\"https:\/\/www.youtube.com\/embed\/RPKwCuRyTHs?feature=oembed\" frameborder=\"0\" allow=\"accelerometer; autoplay; clipboard-write; encrypted-media; gyroscope; picture-in-picture; web-share\" allowfullscreen><\/iframe><\/p>\n","protected":false},"excerpt":{"rendered":"<p>CCEDI a organis\u00e9 une r\u00e9union pour pr\u00e9parer le voyage d\u2019Affaires \u00e0 Abidjan.<\/p>\n","protected":false},"author":89,"featured_media":9372,"comment_status":"closed","ping_status":"open","sticky":false,"template":"","format":"standard","meta":{"_monsterinsights_skip_tracking":false,"_monsterinsights_sitenote_active":false,"_monsterinsights_sitenote_note":"","_monsterinsights_sitenote_category":0,"_view_id":"","footnotes":""},"categories":[159],"tags":[],"class_list":["post-9371","post","type-post","status-publish","format-standard","has-post-thumbnail","hentry","category-voyage-d-affaires"],"jetpack_featured_media_url":"https:\/\/ccediaf.org\/wp-content\/uploads\/2023\/02\/0-3-768x576-1.png","_links":{"self":[{"href":"https:\/\/ccediaf.org\/index.php?rest_route=\/wp\/v2\/posts\/9371","targetHints":{"allow":["GET"]}}],"collection":[{"href":"https:\/\/ccediaf.org\/index.php?rest_route=\/wp\/v2\/posts"}],"about":[{"href":"https:\/\/ccediaf.org\/index.php?rest_route=\/wp\/v2\/types\/post"}],"author":[{"embeddable":true,"href":"https:\/\/ccediaf.org\/index.php?rest_route=\/wp\/v2\/users\/89"}],"replies":[{"embeddable":true,"href":"https:\/\/ccediaf.org\/index.php?rest_route=%2Fwp%2Fv2%2Fcomments&post=9371"}],"version-history":[{"count":1,"href":"https:\/\/ccediaf.org\/index.php?rest_route=\/wp\/v2\/posts\/9371\/revisions"}],"predecessor-version":[{"id":9382,"href":"https:\/\/ccediaf.org\/index.php?rest_route=\/wp\/v2\/posts\/9371\/revisions\/9382"}],"wp:featuredmedia":[{"embeddable":true,"href":"https:\/\/ccediaf.org\/index.php?rest_route=\/wp\/v2\/media\/9372"}],"wp:attachment":[{"href":"https:\/\/ccediaf.org\/index.php?rest_route=%2Fwp%2Fv2%2Fmedia&parent=9371"}],"wp:term":[{"taxonomy":"category","embeddable":true,"href":"https:\/\/ccediaf.org\/index.php?rest_route=%2Fwp%2Fv2%2Fcategories&post=9371"},{"taxonomy":"post_tag","embeddable":true,"href":"https:\/\/ccediaf.org\/index.php?rest_route=%2Fwp%2Fv2%2Ftags&post=9371"}],"curies":[{"name":"wp","href":"https:\/\/api.w.org\/{rel}","templated":true}]}}