{"id":9282,"date":"2016-09-04T18:05:29","date_gmt":"2016-09-04T16:05:29","guid":{"rendered":"https:\/\/ccediaf.org\/?p=9282"},"modified":"2023-08-14T11:43:43","modified_gmt":"2023-08-14T09:43:43","slug":"le-president-et-son-vice-president-du-ccedi-france-chez-lambassadeur-de-cote-divoire-en-france","status":"publish","type":"post","link":"https:\/\/ccediaf.org\/?p=9282","title":{"rendered":"Le Pr\u00e9sident et son vice Pr\u00e9sident du CCEDI France chez l&#8217;ambassadeur de C\u00f4te d&#8217;ivoire en France."},"content":{"rendered":"<p><span style=\"color: #000000;\">C\u00e9sar Nahounou, Pr\u00e9sident CCEDI France, SEM GOMIS Charles,\u00a0 Ambassadeur de C\u00f4te d&#8217;Ivoire en Franceet le 1er Conseiller pr\u00e8s de l&#8217;ambassadeur Monsieur DIABY Vacaba<\/span><\/p>\n<p><span style=\"color: #000000;\">Le Pr\u00e9sident et son vice Pr\u00e9sident du CCEDI France chez l&#8217;ambassadeur de C\u00f4te d&#8217;ivoire en France pour annoncer la cr\u00e9ation du club des Entrepreneurs de la diaspora et l&#8217;invit\u00e9 \u00e0 ce grand symposium du 24 septembre 2016.<\/span><\/p>\n<p><span style=\"color: #000000;\"><strong><u>OBJECTIFS<\/u><\/strong><\/span><\/p>\n<ul>\n<li><span style=\"color: #000000;\">D\u2019accompagner les <strong>PME, TPE <\/strong>membre<strong> et les porteurs de projets,<\/strong><\/span><\/li>\n<li><span style=\"color: #000000;\">De contribuer \u00a0au d\u00e9veloppement et \u00e0 la promotion des activit\u00e9s des <strong>PME, TPE<\/strong> membre<\/span><\/li>\n<li><span style=\"color: #000000;\">De cr\u00e9er des axes de r\u00e9flexion permettant d\u2019am\u00e9liorer la comp\u00e9titivit\u00e9 des <strong>PME, TPE<\/strong> membre en trouvant des r\u00e9ponses \u00e0 leurs probl\u00e9matiques,<\/span><\/li>\n<li><span style=\"color: #000000;\">De promouvoir l\u2019entreprenariat,<\/span><\/li>\n<li><span style=\"color: #000000;\">De cr\u00e9er une plate forme de rencontre participative et collaborative, un espace de mutualisation de\u00a0comp\u00e9tences, de r\u00e9seau, de partages, de savoir \u00eatre et de savoir-faire,<\/span><\/li>\n<li><span style=\"color: #000000;\">De promouvoir l\u2019int\u00e9gration active dans la vie \u00e9conomique et sociale des chefs d\u2019entreprises<\/span><\/li>\n<\/ul>\n","protected":false},"excerpt":{"rendered":"<p>C\u00e9sar Nahounou, Pr\u00e9sident CCEDI France, SEM GOMIS Charles,\u00a0 Ambassadeur de C\u00f4te d&#8217;Ivoire en Franceet le 1er Conseiller pr\u00e8s de l&#8217;ambassadeur Monsieur DIABY Vacaba Le Pr\u00e9sident et son vice Pr\u00e9sident du CCEDI France chez l&#8217;ambassadeur de C\u00f4te d&#8217;ivoire en France pour annoncer la cr\u00e9ation du club des Entrepreneurs de la diaspora et l&#8217;invit\u00e9 \u00e0 ce grand &hellip; <a href=\"https:\/\/ccediaf.org\/?p=9282\" class=\"more-link\">Continue reading <span class=\"screen-reader-text\">Le Pr\u00e9sident et son vice Pr\u00e9sident du CCEDI France chez l&#8217;ambassadeur de C\u00f4te d&#8217;ivoire en France.<\/span><\/a><\/p>\n","protected":false},"author":89,"featured_media":9591,"comment_status":"closed","ping_status":"open","sticky":false,"template":"","format":"standard","meta":{"_monsterinsights_skip_tracking":false,"_monsterinsights_sitenote_active":false,"_monsterinsights_sitenote_note":"","_monsterinsights_sitenote_category":0,"_view_id":"","footnotes":""},"categories":[1],"tags":[],"class_list":["post-9282","post","type-post","status-publish","format-standard","has-post-thumbnail","hentry","category-rencontres-dentrepreneurs"],"jetpack_featured_media_url":"https:\/\/ccediaf.org\/wp-content\/uploads\/2016\/09\/14330159_1250132898340538_805438871474830821_n.jpg","_links":{"self":[{"href":"https:\/\/ccediaf.org\/index.php?rest_route=\/wp\/v2\/posts\/9282","targetHints":{"allow":["GET"]}}],"collection":[{"href":"https:\/\/ccediaf.org\/index.php?rest_route=\/wp\/v2\/posts"}],"about":[{"href":"https:\/\/ccediaf.org\/index.php?rest_route=\/wp\/v2\/types\/post"}],"author":[{"embeddable":true,"href":"https:\/\/ccediaf.org\/index.php?rest_route=\/wp\/v2\/users\/89"}],"replies":[{"embeddable":true,"href":"https:\/\/ccediaf.org\/index.php?rest_route=%2Fwp%2Fv2%2Fcomments&post=9282"}],"version-history":[{"count":2,"href":"https:\/\/ccediaf.org\/index.php?rest_route=\/wp\/v2\/posts\/9282\/revisions"}],"predecessor-version":[{"id":9592,"href":"https:\/\/ccediaf.org\/index.php?rest_route=\/wp\/v2\/posts\/9282\/revisions\/9592"}],"wp:featuredmedia":[{"embeddable":true,"href":"https:\/\/ccediaf.org\/index.php?rest_route=\/wp\/v2\/media\/9591"}],"wp:attachment":[{"href":"https:\/\/ccediaf.org\/index.php?rest_route=%2Fwp%2Fv2%2Fmedia&parent=9282"}],"wp:term":[{"taxonomy":"category","embeddable":true,"href":"https:\/\/ccediaf.org\/index.php?rest_route=%2Fwp%2Fv2%2Fcategories&post=9282"},{"taxonomy":"post_tag","embeddable":true,"href":"https:\/\/ccediaf.org\/index.php?rest_route=%2Fwp%2Fv2%2Ftags&post=9282"}],"curies":[{"name":"wp","href":"https:\/\/api.w.org\/{rel}","templated":true}]}}